{"id":11976,"date":"2026-04-28T13:31:11","date_gmt":"2026-04-28T11:31:11","guid":{"rendered":"https:\/\/trufasmartinez.com\/blog\/?p=11976"},"modified":"2026-04-28T14:05:03","modified_gmt":"2026-04-28T12:05:03","slug":"11976-2","status":"publish","type":"post","link":"https:\/\/trufasmartinez.com\/blog\/11976-2\/","title":{"rendered":"GALA Y PREMIOS ACADEMIA DE GASTRONOM\u00cdA DE LA COMUNIDAD VALENCIANA"},"content":{"rendered":"<p data-start=\"0\" data-end=\"282\">En un entorno marcado por la elegancia y la celebraci\u00f3n de la excelencia gastron\u00f3mica, tuvimos el placer de participar en la gala y entrega de premios organizada por la <span class=\"hover:entity-accent entity-underline inline cursor-pointer align-baseline\"><span class=\"whitespace-normal\">Academia de Gastronom\u00eda de la Comunidad Valenciana<\/span><\/span>, un encuentro que reuni\u00f3 a referentes del sector en una noche muy especial.<\/p>\n<p data-start=\"284\" data-end=\"532\">El evento, celebrado en el emblem\u00e1tico <span class=\"hover:entity-accent entity-underline inline cursor-pointer align-baseline\"><span class=\"whitespace-normal\">Orenes Gran Casino de Castell\u00f3n<\/span><\/span>, continu\u00f3 con un c\u00f3ctel donde el producto local y la gastronom\u00eda t\u00edpica valenciana fueron los grandes protagonistas, poniendo en valor la riqueza culinaria del territorio.<\/p>\n<p data-start=\"284\" data-end=\"532\"><img loading=\"lazy\" decoding=\"async\" class=\"aligncenter size-medium wp-image-11982\" src=\"https:\/\/trufasmartinez.com\/blog\/wp-content\/uploads\/2026\/04\/CASINO-CASTELLON-300x225.jpg\" alt=\"\" width=\"300\" height=\"225\" srcset=\"https:\/\/trufasmartinez.com\/blog\/wp-content\/uploads\/2026\/04\/CASINO-CASTELLON-300x225.jpg 300w, https:\/\/trufasmartinez.com\/blog\/wp-content\/uploads\/2026\/04\/CASINO-CASTELLON-1024x768.jpg 1024w, https:\/\/trufasmartinez.com\/blog\/wp-content\/uploads\/2026\/04\/CASINO-CASTELLON-768x576.jpg 768w, https:\/\/trufasmartinez.com\/blog\/wp-content\/uploads\/2026\/04\/CASINO-CASTELLON-540x405.jpg 540w, https:\/\/trufasmartinez.com\/blog\/wp-content\/uploads\/2026\/04\/CASINO-CASTELLON.jpg 1536w\" sizes=\"(max-width: 300px) 100vw, 300px\" \/><\/p>\n<p data-start=\"534\" data-end=\"886\">Como broche final, desde Trufas Mart\u00ednez aportamos nuestro toque dulce con una propuesta dise\u00f1ada especialmente para la ocasi\u00f3n: nuestras trufas acompa\u00f1adas de una pieza personalizada en chocolate blanco, te\u00f1ida en un elegante tono naranja e impresa con el logotipo de la academia, un gui\u00f1o cuidado que un\u00eda identidad, dise\u00f1o y sabor en un solo bocado.<\/p>\n<p data-start=\"888\" data-end=\"1132\" data-is-last-node=\"\" data-is-only-node=\"\">Una noche donde la tradici\u00f3n, el talento y la creatividad se dieron cita, y donde, una vez m\u00e1s, demostramos que el chocolate puede ir mucho m\u00e1s all\u00e1 del postre, convirti\u00e9ndose en un elemento capaz de elevar y personalizar cualquier experiencia.<\/p>\n<p data-start=\"888\" data-end=\"1132\" data-is-last-node=\"\" data-is-only-node=\"\">Adem\u00e1s, queremos felicitar a todos los premiados de la noche, verdaderos referentes que, con su trabajo, dedicaci\u00f3n y pasi\u00f3n, siguen elevando el nivel de la gastronom\u00eda en nuestra tierra. Es un orgullo formar parte, desde nuestro rinc\u00f3n dulce, de una celebraci\u00f3n que reconoce el talento y el esfuerzo de quienes hacen crecer el sector d\u00eda a d\u00eda.<\/p>\n<p data-start=\"888\" data-end=\"1132\" data-is-last-node=\"\" data-is-only-node=\"\">Chef del A\u00f1o: <strong>Manu Yarza<\/strong><\/p>\n<p data-start=\"888\" data-end=\"1132\" data-is-last-node=\"\" data-is-only-node=\"\">Jefe de Sala: <strong>Francesca Baccon<\/strong><\/p>\n<p data-start=\"888\" data-end=\"1132\" data-is-last-node=\"\" data-is-only-node=\"\">Joven Talento: <strong>Jorge Lengua<\/strong><\/p>\n<p data-start=\"888\" data-end=\"1132\" data-is-last-node=\"\" data-is-only-node=\"\">Trayectoria: <strong>Pilar Costa y Gabi Serrano-Maipi<\/strong><\/p>\n<p data-start=\"888\" data-end=\"1132\" data-is-last-node=\"\" data-is-only-node=\"\">Producto Agro Primario: <strong>Trufas Castell\u00f3n &#8211; Santiago Reyna<\/strong><\/p>\n<p data-start=\"888\" data-end=\"1132\" data-is-last-node=\"\" data-is-only-node=\"\">Producto Agro Elaborado: <strong>Quesos Castell\u00f3n<\/strong><\/p>\n<p data-start=\"888\" data-end=\"1132\" data-is-last-node=\"\" data-is-only-node=\"\">Comunicaci\u00f3n Gastron\u00f3mica: <strong>Enrique Lucas<\/strong><\/p>\n<p data-start=\"888\" data-end=\"1132\" data-is-last-node=\"\" data-is-only-node=\"\">Mundo del Vino: <strong>Yelko Su\u00e1rez<\/strong><\/p>\n<p data-start=\"888\" data-end=\"1132\" data-is-last-node=\"\" data-is-only-node=\"\">Investigaci\u00f3n Gastron\u00f3mica: <strong>Proyecto Gasterra<\/strong><\/p>\n<p data-start=\"888\" data-end=\"1132\" data-is-last-node=\"\" data-is-only-node=\"\">Capital Gastron\u00f3mica: <strong>Alicante<\/strong><\/p>\n<p data-start=\"888\" data-end=\"1132\" data-is-last-node=\"\" data-is-only-node=\"\"><strong>\u00a1ENHORABUENA!<\/strong><\/p>\n<p>&#8211; &#8211; &#8211; &#8211; &#8211; &#8211; &#8211; &#8211; &#8211; &#8211; &#8211; &#8211; &#8211; &#8211; &#8211; &#8211; &#8211; &#8211; &#8211; &#8211; &#8211; &#8211; &#8211; &#8211; &#8211; &#8211; &#8211; &#8211; &#8211; &#8211; &#8211; &#8211; &#8211; &#8211; &#8211; &#8211; &#8211; &#8211; &#8211; &#8211; &#8211; &#8211; &#8211; &#8211; &#8211; &#8211; &#8211; &#8211; &#8211; &#8211; &#8211; &#8211; &#8211; &#8211; &#8211; &#8211; &#8211; &#8211; &#8211; &#8211; &#8211;<\/p>\n<p data-start=\"1864\" data-end=\"2022\">\ud83d\udccd\u00a0 Te esperamos en nuestras tiendas f\u00edsicas en <em><strong>Calle Ruzafa, 12 &#8211; 46004 Valencia<\/strong><\/em> y en <strong><em>Calle San Ignacio de Loyola, 20 &#8211; 46008 Valencia<\/em><\/strong><\/p>\n<p data-start=\"1864\" data-end=\"2022\">\ud83d\udcbb\u00a0 Echa un vistazo a nuestra p\u00e1gina web y explora todas nuestras opciones haciendo click en el siguiente enlace:\u00a0<a href=\"https:\/\/trufasmartinez.com\">https:\/\/trufasmartinez.com<\/a><\/p>\n<p data-start=\"1864\" data-end=\"2022\">\ud83d\udcde\u00a0 Puedes llamarnos al 963851011 (horario de lunes a viernes de 09:00-14:00h) para asesorarte y resolver dudas<\/p>\n<p data-start=\"1864\" data-end=\"2022\">\ud83d\udce8 Tambi\u00e9n puedes escribirnos al correo comunicacion@trufasmartinez.com para m\u00e1s informaci\u00f3n<\/p>\n","protected":false},"excerpt":{"rendered":"<p>En un entorno marcado por la elegancia y la celebraci\u00f3n de la excelencia gastron\u00f3mica, tuvimos el placer de participar en la gala y entrega de premios organizada por la Academia de Gastronom\u00eda de la Comunidad Valenciana, un encuentro que reuni\u00f3 a referentes del sector en una noche muy especial. El evento, celebrado en el emblem\u00e1tico [&hellip;]<\/p>\n","protected":false},"author":2,"featured_media":11977,"comment_status":"open","ping_status":"closed","sticky":false,"template":"","format":"standard","meta":{"footnotes":""},"categories":[544],"tags":[],"yoast_head":"<!-- This site is optimized with the Yoast SEO plugin v22.3 - https:\/\/yoast.com\/wordpress\/plugins\/seo\/ -->\n<title>GALA Y PREMIOS ACADEMIA DE GASTRONOM\u00cdA DE LA COMUNIDAD VALENCIANA - Trufas Mart\u00ednez<\/title>\n<meta name=\"robots\" content=\"index, follow, max-snippet:-1, max-image-preview:large, max-video-preview:-1\" \/>\n<link rel=\"canonical\" href=\"https:\/\/trufasmartinez.com\/blog\/11976-2\/\" \/>\n<meta property=\"og:locale\" content=\"es_ES\" \/>\n<meta property=\"og:type\" content=\"article\" \/>\n<meta property=\"og:title\" content=\"GALA Y PREMIOS ACADEMIA DE GASTRONOM\u00cdA DE LA COMUNIDAD VALENCIANA - Trufas Mart\u00ednez\" \/>\n<meta property=\"og:description\" content=\"En un entorno marcado por la elegancia y la celebraci\u00f3n de la excelencia gastron\u00f3mica, tuvimos el placer de participar en la gala y entrega de premios organizada por la Academia de Gastronom\u00eda de la Comunidad Valenciana, un encuentro que reuni\u00f3 a referentes del sector en una noche muy especial. El evento, celebrado en el emblem\u00e1tico [&hellip;]\" \/>\n<meta property=\"og:url\" content=\"https:\/\/trufasmartinez.com\/blog\/11976-2\/\" \/>\n<meta property=\"og:site_name\" content=\"Trufas Mart\u00ednez\" \/>\n<meta property=\"article:publisher\" content=\"https:\/\/www.facebook.com\/trufasmartinez\/\" \/>\n<meta property=\"article:published_time\" content=\"2026-04-28T11:31:11+00:00\" \/>\n<meta property=\"article:modified_time\" content=\"2026-04-28T12:05:03+00:00\" \/>\n<meta property=\"og:image\" content=\"https:\/\/trufasmartinez.com\/blog\/wp-content\/uploads\/2026\/04\/TRUFAS-CHAPA-AGCV-CUADRADA-1024x1024.png\" \/>\n\t<meta property=\"og:image:width\" content=\"1024\" \/>\n\t<meta property=\"og:image:height\" content=\"1024\" \/>\n\t<meta property=\"og:image:type\" content=\"image\/png\" \/>\n<meta name=\"author\" content=\"Trufas Mart\u00ednez\" \/>\n<meta name=\"twitter:card\" content=\"summary_large_image\" \/>\n<meta name=\"twitter:creator\" content=\"@TrufasMartinez\" \/>\n<meta name=\"twitter:site\" content=\"@TrufasMartinez\" \/>\n<meta name=\"twitter:label1\" content=\"Escrito por\" \/>\n\t<meta name=\"twitter:data1\" content=\"Trufas Mart\u00ednez\" \/>\n\t<meta name=\"twitter:label2\" content=\"Tiempo de lectura\" \/>\n\t<meta name=\"twitter:data2\" content=\"2 minutos\" \/>\n<script type=\"application\/ld+json\" class=\"yoast-schema-graph\">{\"@context\":\"https:\/\/schema.org\",\"@graph\":[{\"@type\":\"Article\",\"@id\":\"https:\/\/trufasmartinez.com\/blog\/11976-2\/#article\",\"isPartOf\":{\"@id\":\"https:\/\/trufasmartinez.com\/blog\/11976-2\/\"},\"author\":{\"name\":\"Trufas Mart\u00ednez\",\"@id\":\"https:\/\/trufasmartinez.com\/blog\/#\/schema\/person\/f0109333928ee1d8896f3e6a349b95cb\"},\"headline\":\"GALA Y PREMIOS ACADEMIA DE GASTRONOM\u00cdA DE LA COMUNIDAD VALENCIANA\",\"datePublished\":\"2026-04-28T11:31:11+00:00\",\"dateModified\":\"2026-04-28T12:05:03+00:00\",\"mainEntityOfPage\":{\"@id\":\"https:\/\/trufasmartinez.com\/blog\/11976-2\/\"},\"wordCount\":469,\"commentCount\":0,\"publisher\":{\"@id\":\"https:\/\/trufasmartinez.com\/blog\/#organization\"},\"image\":{\"@id\":\"https:\/\/trufasmartinez.com\/blog\/11976-2\/#primaryimage\"},\"thumbnailUrl\":\"https:\/\/trufasmartinez.com\/blog\/wp-content\/uploads\/2026\/04\/TRUFAS-CHAPA-AGCV-CUADRADA.png\",\"articleSection\":[\"Chocolate\"],\"inLanguage\":\"es\",\"potentialAction\":[{\"@type\":\"CommentAction\",\"name\":\"Comment\",\"target\":[\"https:\/\/trufasmartinez.com\/blog\/11976-2\/#respond\"]}]},{\"@type\":\"WebPage\",\"@id\":\"https:\/\/trufasmartinez.com\/blog\/11976-2\/\",\"url\":\"https:\/\/trufasmartinez.com\/blog\/11976-2\/\",\"name\":\"GALA Y PREMIOS ACADEMIA DE GASTRONOM\u00cdA DE LA COMUNIDAD VALENCIANA - Trufas Mart\u00ednez\",\"isPartOf\":{\"@id\":\"https:\/\/trufasmartinez.com\/blog\/#website\"},\"primaryImageOfPage\":{\"@id\":\"https:\/\/trufasmartinez.com\/blog\/11976-2\/#primaryimage\"},\"image\":{\"@id\":\"https:\/\/trufasmartinez.com\/blog\/11976-2\/#primaryimage\"},\"thumbnailUrl\":\"https:\/\/trufasmartinez.com\/blog\/wp-content\/uploads\/2026\/04\/TRUFAS-CHAPA-AGCV-CUADRADA.png\",\"datePublished\":\"2026-04-28T11:31:11+00:00\",\"dateModified\":\"2026-04-28T12:05:03+00:00\",\"breadcrumb\":{\"@id\":\"https:\/\/trufasmartinez.com\/blog\/11976-2\/#breadcrumb\"},\"inLanguage\":\"es\",\"potentialAction\":[{\"@type\":\"ReadAction\",\"target\":[\"https:\/\/trufasmartinez.com\/blog\/11976-2\/\"]}]},{\"@type\":\"ImageObject\",\"inLanguage\":\"es\",\"@id\":\"https:\/\/trufasmartinez.com\/blog\/11976-2\/#primaryimage\",\"url\":\"https:\/\/trufasmartinez.com\/blog\/wp-content\/uploads\/2026\/04\/TRUFAS-CHAPA-AGCV-CUADRADA.png\",\"contentUrl\":\"https:\/\/trufasmartinez.com\/blog\/wp-content\/uploads\/2026\/04\/TRUFAS-CHAPA-AGCV-CUADRADA.png\",\"width\":2000,\"height\":2000},{\"@type\":\"BreadcrumbList\",\"@id\":\"https:\/\/trufasmartinez.com\/blog\/11976-2\/#breadcrumb\",\"itemListElement\":[{\"@type\":\"ListItem\",\"position\":1,\"name\":\"Portada\",\"item\":\"https:\/\/trufasmartinez.com\/blog\/\"},{\"@type\":\"ListItem\",\"position\":2,\"name\":\"GALA Y PREMIOS ACADEMIA DE GASTRONOM\u00cdA DE LA COMUNIDAD VALENCIANA\"}]},{\"@type\":\"WebSite\",\"@id\":\"https:\/\/trufasmartinez.com\/blog\/#website\",\"url\":\"https:\/\/trufasmartinez.com\/blog\/\",\"name\":\"Trufas Mart\u00ednez\",\"description\":\"Artesanos del chocolate desde 1931\",\"publisher\":{\"@id\":\"https:\/\/trufasmartinez.com\/blog\/#organization\"},\"potentialAction\":[{\"@type\":\"SearchAction\",\"target\":{\"@type\":\"EntryPoint\",\"urlTemplate\":\"https:\/\/trufasmartinez.com\/blog\/?s={search_term_string}\"},\"query-input\":\"required name=search_term_string\"}],\"inLanguage\":\"es\"},{\"@type\":\"Organization\",\"@id\":\"https:\/\/trufasmartinez.com\/blog\/#organization\",\"name\":\"Trufas Mart\u00ednez\",\"url\":\"https:\/\/trufasmartinez.com\/blog\/\",\"logo\":{\"@type\":\"ImageObject\",\"inLanguage\":\"es\",\"@id\":\"https:\/\/trufasmartinez.com\/blog\/#\/schema\/logo\/image\/\",\"url\":\"https:\/\/trufasmartinez.com\/blog\/wp-content\/uploads\/2018\/05\/logo_trufas_web_.png\",\"contentUrl\":\"https:\/\/trufasmartinez.com\/blog\/wp-content\/uploads\/2018\/05\/logo_trufas_web_.png\",\"width\":382,\"height\":167,\"caption\":\"Trufas Mart\u00ednez\"},\"image\":{\"@id\":\"https:\/\/trufasmartinez.com\/blog\/#\/schema\/logo\/image\/\"},\"sameAs\":[\"https:\/\/www.facebook.com\/trufasmartinez\/\",\"https:\/\/twitter.com\/TrufasMartinez\",\"https:\/\/www.instagram.com\/trufasmartinez\/\",\"https:\/\/www.youtube.com\/channel\/UCxlTPIC3Q-Y0Eo-tVL9J14g\"]},{\"@type\":\"Person\",\"@id\":\"https:\/\/trufasmartinez.com\/blog\/#\/schema\/person\/f0109333928ee1d8896f3e6a349b95cb\",\"name\":\"Trufas Mart\u00ednez\",\"image\":{\"@type\":\"ImageObject\",\"inLanguage\":\"es\",\"@id\":\"https:\/\/trufasmartinez.com\/blog\/#\/schema\/person\/image\/\",\"url\":\"https:\/\/secure.gravatar.com\/avatar\/9c11ca89ec41eeb4777aad5c28e891dd?s=96&d=mm&r=g\",\"contentUrl\":\"https:\/\/secure.gravatar.com\/avatar\/9c11ca89ec41eeb4777aad5c28e891dd?s=96&d=mm&r=g\",\"caption\":\"Trufas Mart\u00ednez\"},\"url\":\"https:\/\/trufasmartinez.com\/blog\/author\/virtudes\/\"}]}<\/script>\n<!-- \/ Yoast SEO plugin. -->","yoast_head_json":{"title":"GALA Y PREMIOS ACADEMIA DE GASTRONOM\u00cdA DE LA COMUNIDAD VALENCIANA - Trufas Mart\u00ednez","robots":{"index":"index","follow":"follow","max-snippet":"max-snippet:-1","max-image-preview":"max-image-preview:large","max-video-preview":"max-video-preview:-1"},"canonical":"https:\/\/trufasmartinez.com\/blog\/11976-2\/","og_locale":"es_ES","og_type":"article","og_title":"GALA Y PREMIOS ACADEMIA DE GASTRONOM\u00cdA DE LA COMUNIDAD VALENCIANA - Trufas Mart\u00ednez","og_description":"En un entorno marcado por la elegancia y la celebraci\u00f3n de la excelencia gastron\u00f3mica, tuvimos el placer de participar en la gala y entrega de premios organizada por la Academia de Gastronom\u00eda de la Comunidad Valenciana, un encuentro que reuni\u00f3 a referentes del sector en una noche muy especial. El evento, celebrado en el emblem\u00e1tico [&hellip;]","og_url":"https:\/\/trufasmartinez.com\/blog\/11976-2\/","og_site_name":"Trufas Mart\u00ednez","article_publisher":"https:\/\/www.facebook.com\/trufasmartinez\/","article_published_time":"2026-04-28T11:31:11+00:00","article_modified_time":"2026-04-28T12:05:03+00:00","og_image":[{"width":1024,"height":1024,"url":"https:\/\/trufasmartinez.com\/blog\/wp-content\/uploads\/2026\/04\/TRUFAS-CHAPA-AGCV-CUADRADA-1024x1024.png","type":"image\/png"}],"author":"Trufas Mart\u00ednez","twitter_card":"summary_large_image","twitter_creator":"@TrufasMartinez","twitter_site":"@TrufasMartinez","twitter_misc":{"Escrito por":"Trufas Mart\u00ednez","Tiempo de lectura":"2 minutos"},"schema":{"@context":"https:\/\/schema.org","@graph":[{"@type":"Article","@id":"https:\/\/trufasmartinez.com\/blog\/11976-2\/#article","isPartOf":{"@id":"https:\/\/trufasmartinez.com\/blog\/11976-2\/"},"author":{"name":"Trufas Mart\u00ednez","@id":"https:\/\/trufasmartinez.com\/blog\/#\/schema\/person\/f0109333928ee1d8896f3e6a349b95cb"},"headline":"GALA Y PREMIOS ACADEMIA DE GASTRONOM\u00cdA DE LA COMUNIDAD VALENCIANA","datePublished":"2026-04-28T11:31:11+00:00","dateModified":"2026-04-28T12:05:03+00:00","mainEntityOfPage":{"@id":"https:\/\/trufasmartinez.com\/blog\/11976-2\/"},"wordCount":469,"commentCount":0,"publisher":{"@id":"https:\/\/trufasmartinez.com\/blog\/#organization"},"image":{"@id":"https:\/\/trufasmartinez.com\/blog\/11976-2\/#primaryimage"},"thumbnailUrl":"https:\/\/trufasmartinez.com\/blog\/wp-content\/uploads\/2026\/04\/TRUFAS-CHAPA-AGCV-CUADRADA.png","articleSection":["Chocolate"],"inLanguage":"es","potentialAction":[{"@type":"CommentAction","name":"Comment","target":["https:\/\/trufasmartinez.com\/blog\/11976-2\/#respond"]}]},{"@type":"WebPage","@id":"https:\/\/trufasmartinez.com\/blog\/11976-2\/","url":"https:\/\/trufasmartinez.com\/blog\/11976-2\/","name":"GALA Y PREMIOS ACADEMIA DE GASTRONOM\u00cdA DE LA COMUNIDAD VALENCIANA - Trufas Mart\u00ednez","isPartOf":{"@id":"https:\/\/trufasmartinez.com\/blog\/#website"},"primaryImageOfPage":{"@id":"https:\/\/trufasmartinez.com\/blog\/11976-2\/#primaryimage"},"image":{"@id":"https:\/\/trufasmartinez.com\/blog\/11976-2\/#primaryimage"},"thumbnailUrl":"https:\/\/trufasmartinez.com\/blog\/wp-content\/uploads\/2026\/04\/TRUFAS-CHAPA-AGCV-CUADRADA.png","datePublished":"2026-04-28T11:31:11+00:00","dateModified":"2026-04-28T12:05:03+00:00","breadcrumb":{"@id":"https:\/\/trufasmartinez.com\/blog\/11976-2\/#breadcrumb"},"inLanguage":"es","potentialAction":[{"@type":"ReadAction","target":["https:\/\/trufasmartinez.com\/blog\/11976-2\/"]}]},{"@type":"ImageObject","inLanguage":"es","@id":"https:\/\/trufasmartinez.com\/blog\/11976-2\/#primaryimage","url":"https:\/\/trufasmartinez.com\/blog\/wp-content\/uploads\/2026\/04\/TRUFAS-CHAPA-AGCV-CUADRADA.png","contentUrl":"https:\/\/trufasmartinez.com\/blog\/wp-content\/uploads\/2026\/04\/TRUFAS-CHAPA-AGCV-CUADRADA.png","width":2000,"height":2000},{"@type":"BreadcrumbList","@id":"https:\/\/trufasmartinez.com\/blog\/11976-2\/#breadcrumb","itemListElement":[{"@type":"ListItem","position":1,"name":"Portada","item":"https:\/\/trufasmartinez.com\/blog\/"},{"@type":"ListItem","position":2,"name":"GALA Y PREMIOS ACADEMIA DE GASTRONOM\u00cdA DE LA COMUNIDAD VALENCIANA"}]},{"@type":"WebSite","@id":"https:\/\/trufasmartinez.com\/blog\/#website","url":"https:\/\/trufasmartinez.com\/blog\/","name":"Trufas Mart\u00ednez","description":"Artesanos del chocolate desde 1931","publisher":{"@id":"https:\/\/trufasmartinez.com\/blog\/#organization"},"potentialAction":[{"@type":"SearchAction","target":{"@type":"EntryPoint","urlTemplate":"https:\/\/trufasmartinez.com\/blog\/?s={search_term_string}"},"query-input":"required name=search_term_string"}],"inLanguage":"es"},{"@type":"Organization","@id":"https:\/\/trufasmartinez.com\/blog\/#organization","name":"Trufas Mart\u00ednez","url":"https:\/\/trufasmartinez.com\/blog\/","logo":{"@type":"ImageObject","inLanguage":"es","@id":"https:\/\/trufasmartinez.com\/blog\/#\/schema\/logo\/image\/","url":"https:\/\/trufasmartinez.com\/blog\/wp-content\/uploads\/2018\/05\/logo_trufas_web_.png","contentUrl":"https:\/\/trufasmartinez.com\/blog\/wp-content\/uploads\/2018\/05\/logo_trufas_web_.png","width":382,"height":167,"caption":"Trufas Mart\u00ednez"},"image":{"@id":"https:\/\/trufasmartinez.com\/blog\/#\/schema\/logo\/image\/"},"sameAs":["https:\/\/www.facebook.com\/trufasmartinez\/","https:\/\/twitter.com\/TrufasMartinez","https:\/\/www.instagram.com\/trufasmartinez\/","https:\/\/www.youtube.com\/channel\/UCxlTPIC3Q-Y0Eo-tVL9J14g"]},{"@type":"Person","@id":"https:\/\/trufasmartinez.com\/blog\/#\/schema\/person\/f0109333928ee1d8896f3e6a349b95cb","name":"Trufas Mart\u00ednez","image":{"@type":"ImageObject","inLanguage":"es","@id":"https:\/\/trufasmartinez.com\/blog\/#\/schema\/person\/image\/","url":"https:\/\/secure.gravatar.com\/avatar\/9c11ca89ec41eeb4777aad5c28e891dd?s=96&d=mm&r=g","contentUrl":"https:\/\/secure.gravatar.com\/avatar\/9c11ca89ec41eeb4777aad5c28e891dd?s=96&d=mm&r=g","caption":"Trufas Mart\u00ednez"},"url":"https:\/\/trufasmartinez.com\/blog\/author\/virtudes\/"}]}},"_links":{"self":[{"href":"https:\/\/trufasmartinez.com\/blog\/wp-json\/wp\/v2\/posts\/11976"}],"collection":[{"href":"https:\/\/trufasmartinez.com\/blog\/wp-json\/wp\/v2\/posts"}],"about":[{"href":"https:\/\/trufasmartinez.com\/blog\/wp-json\/wp\/v2\/types\/post"}],"author":[{"embeddable":true,"href":"https:\/\/trufasmartinez.com\/blog\/wp-json\/wp\/v2\/users\/2"}],"replies":[{"embeddable":true,"href":"https:\/\/trufasmartinez.com\/blog\/wp-json\/wp\/v2\/comments?post=11976"}],"version-history":[{"count":5,"href":"https:\/\/trufasmartinez.com\/blog\/wp-json\/wp\/v2\/posts\/11976\/revisions"}],"predecessor-version":[{"id":11984,"href":"https:\/\/trufasmartinez.com\/blog\/wp-json\/wp\/v2\/posts\/11976\/revisions\/11984"}],"wp:featuredmedia":[{"embeddable":true,"href":"https:\/\/trufasmartinez.com\/blog\/wp-json\/wp\/v2\/media\/11977"}],"wp:attachment":[{"href":"https:\/\/trufasmartinez.com\/blog\/wp-json\/wp\/v2\/media?parent=11976"}],"wp:term":[{"taxonomy":"category","embeddable":true,"href":"https:\/\/trufasmartinez.com\/blog\/wp-json\/wp\/v2\/categories?post=11976"},{"taxonomy":"post_tag","embeddable":true,"href":"https:\/\/trufasmartinez.com\/blog\/wp-json\/wp\/v2\/tags?post=11976"}],"curies":[{"name":"wp","href":"https:\/\/api.w.org\/{rel}","templated":true}]}}